{"id":126,"date":"2016-04-27T19:07:53","date_gmt":"2016-04-27T17:07:53","guid":{"rendered":"http:\/\/jeanbaphoto.fr\/blog\/?p=126"},"modified":"2016-05-09T21:12:49","modified_gmt":"2016-05-09T19:12:49","slug":"une-plaubel-peco-junior-6x9-avec-bascules-avant","status":"publish","type":"post","link":"https:\/\/jeanbaphoto.fr\/blog\/2016\/04\/une-plaubel-peco-junior-6x9-avec-bascules-avant\/","title":{"rendered":"une Plaubel<br>Peco Junior 6&#215;9<br>avec bascules avant"},"content":{"rendered":"<p><img decoding=\"async\" src=\"https:\/\/jeanbaphoto.fr\/blog\/wp-content\/uploads\/2016\/04\/PlaubelPecoJr6x9mod.svg\" alt=\"Plaubel Peco Junior 6x9 modifi\u00e9e\" \/><\/p>\n<p>La chambre technique <a href=\"https:\/\/jeanbaphoto.fr\/blog\/2014\/05\/chambre-plaubel-peco-junior-6x9\/\" target=\"_blank\"><em>Plaubel Peco Junior 6&#215;9<\/em><\/a> est plus limit\u00e9e que sa grande s\u0153ur <em>Peco Junior 9&#215;12<\/em>, notamment elle ne poss\u00e8de pas de mouvements de bascule sur le corps avant, essentiels pour travailler la profondeur de champ. Ces deux chambres ont un style identique et partagent certains \u00e9l\u00e9ments, mais les corps avant sont incompatibles du fait de dimensions de planchettes diff\u00e9rentes : 96 mm de c\u00f4t\u00e9 pour la 6&#215;9, 120 mm de c\u00f4t\u00e9 pour la 9&#215;12. On peut toutefois remarquer que les barreaux verticaux sur lesquels coulissent les cadres avant sont de m\u00eame section.<\/p>\n<p>Ce d\u00e9tail m\u2019a permis d\u2019imaginer adapter un corps avant de 9&#215;12 au format de la 6&#215;9 afin de la doter de bascules avant, et j\u2019ai pu passer \u00e0 l\u2019acte apr\u00e8s avoir trouv\u00e9 d\u2019occasion un corps avant de 9&#215;12 sans chariot.<\/p>\n<p>Le corps avant de la 9&#215;12 est constitu\u00e9 de :<br \/>\n\u2022 un chariot sur rail identique \u00e0 celui de la 6&#215;9, avec entrainement par cr\u00e9maill\u00e8re,<br \/>\n\u2022 surmont\u00e9 d\u2019un support large pivotant selon l\u2019axe vertical,<br \/>\n\u2022 sur lequel coulisse lat\u00e9ralement une platine,<br \/>\n\u2022 dot\u00e9e de deux montants lat\u00e9raux,<br \/>\n\u2022 sur lesquels pivote la partie porte-cadre avant, compos\u00e9e de :<br \/>\n\u2022 deux barreaux verticaux de m\u00eame section carr\u00e9e que sur la 6&#215;9,<br \/>\n\u2022 solidaris\u00e9s par un barreau horizontal de section rectangulaire,<br \/>\n\u2022 et enfin le cadre porte objectif.<\/p>\n<p><strong>Premi\u00e8re intervention<\/strong><br \/>\nPer\u00e7age de deux trous sur le chariot : contrairement au support de la 6&#215;9 fix\u00e9 par quatre vis, le support pivotant lat\u00e9ralement de la 9&#215;12 tient par deux vis.<\/p>\n<p><strong>Deuxi\u00e8me intervention<\/strong><br \/>\nR\u00e9duction de la largeur de la platine coulissante lat\u00e9ralement, en sciant une extr\u00e9mit\u00e9 \u00e0 la longueur voulue, puis per\u00e7age et taraudage des deux trous permettant de revisser le montant lat\u00e9ral et du trou pour la vis de but\u00e9e situ\u00e9e sous la platine.<\/p>\n<p>Un cache se place normalement sur l\u2019ensemble platine et base des montants lat\u00e9raux, et comporte sur sa face avant une graduation du d\u00e9centrement lat\u00e9ral. Il doit \u00e9galement \u00eatre raccourci, perc\u00e9 pour laisser passer les vis du second montant lat\u00e9ral, et il a besoin d&rsquo;une nouvelle graduation adapt\u00e9e, grav\u00e9e sur la face arri\u00e8re vierge, le cache \u00e9tant alors remont\u00e9 avec cette nouvelle gravure vers l&rsquo;avant.<br \/>\nOu bien on peut d\u00e9cider de se passer de ce cache et graver la nouvelle graduation sur la platine coulissante directement.<\/p>\n<p><strong>Troisi\u00e8me intervention<\/strong><br \/>\nR\u00e9duction de la largeur du barreau rectangulaire reliant les deux barreaux carr\u00e9s verticaux. L\u00e0 encore en le sciant sur un c\u00f4t\u00e9 et en per\u00e7ant les trous n\u00e9cessaires \u00e0 l\u2019assemblage avec le barreau : trois trous dont un taraud\u00e9.<br \/>\nLa perpendicularit\u00e9 de la coupe du barreau et des per\u00e7ages est particuli\u00e8rement critique pour le parall\u00e9lisme des barreaux verticaux.<br \/>\nComme le logo Plaubel sera en partie coup\u00e9, le barreau sera retourn\u00e9 pour qu\u2019on ne le voie plus.<\/p>\n<p><strong>Quatri\u00e8me intervention<\/strong><br \/>\nLes barreaux verticaux comportent chacun pour la bascule un dispositif de crantage selon certains angles dont le point z\u00e9ro vertical, consistant en une tige traversant le barreau, d\u00e9passant du c\u00f4t\u00e9 externe en un t\u00e9ton arrondi, et en appui c\u00f4t\u00e9 interne sous une lame-ressort viss\u00e9e qui constitue un relief sur le barreau.<br \/>\nLa structure interne du cadre avant 9&#215;12 prend bien entendu ce relief en compte pour pouvoir coulisser sur toute la longueur.<br \/>\nCe dispositif n\u2019existant pas sur la 6&#215;9, la structure interne du cadre avant 6&#215;9 ne le prend pas en compte et coince contre la vis, emp\u00eachant le cadre de coulisser sur toute sa course.<br \/>\nLa solution est de creuser le barreau sur 1 mm \u00e0 cet endroit afin que la lame-ressort et sa vis ne d\u00e9passent plus du barreau et permettre ainsi au cadre de coulisser sur toute la longueur.<br \/>\nLa tige-t\u00e9ton traversant le barreau doit \u00eatre raccourcie d\u2019autant.<\/p>\n<p><strong>Derni\u00e8re intervention<\/strong><br \/>\nRaccourcissement du haut des barreaux verticaux afin de conserver la compacit\u00e9 du corps avant originel.<\/p>\n<p><img decoding=\"async\" src=\"https:\/\/jeanbaphoto.fr\/blog\/wp-content\/uploads\/2016\/04\/modif_peco.svg\" alt=\"Animation modification Plaubel Peco Junior 6x9\" \/><\/p>\n<p><strong>R\u00e9sultat<\/strong><br \/>\nLe corps avant 6&#215;9 \u00e9tant moins haut et aucune fonction du corps avant 9&#215;12 n\u2019\u00e9tant d\u00e9plac\u00e9 en hauteur, il en r\u00e9sulte que sur l\u2019adaptation 6&#215;9, l\u2019axe horizontal de bascule n\u2019est plus centr\u00e9 mais franchement d\u00e9cal\u00e9 vers le haut du cadre, sans \u00eatre aussi excentr\u00e9 que sur les <em>Linhof Technika<\/em>, aux environs du tiers sup\u00e9rieur.<\/p>\n<p>Autre limite : les barreaux verticaux \u00e9tant solidaris\u00e9s par un large barreau horizontal sur lequel le cadre vient buter, le cadre ne peut coulisser plus bas que le point z\u00e9ro d\u2019origine. Pour d\u00e9centrer vers le bas, il faut soit basculer toute la chambre et redresser les deux cadres, soit placer la chambre t\u00eate en bas, comme on le ferait avec une chambre <em>Hasselblad Arcbody<\/em>.<\/p>\n<p><strong>Autre intervention accessoire possible<\/strong><br \/>\nLe syst\u00e8me de bascule est donc dot\u00e9 de crans correspondant \u00e0 des angles r\u00e9guliers : 0\u00b0, \u00b110\u00b0, \u00b120\u00b0, bas\u00e9 sur une plaque de m\u00e9tal sur chaque montant lat\u00e9ral avec des entailles d&rsquo;environ 1 mm de large, permettant au t\u00e9ton des montants pivotant de se caler dans ces trous.<br \/>\nOn pourrait imaginer ajouter des entailles correspondantes \u00e0 des angles de bascule diff\u00e9rents, voire de refaire ces plaques uniquement avec les angles que l&rsquo;on utilise le plus.<\/p>\n<p><strong>Outillage<\/strong><br \/>\nPour ce bricolage, j\u2019ai utilis\u00e9 du mat\u00e9riel amateur Proxxon : perceuse sur colonne avec table crois\u00e9e et \u00e9tau, scie circulaire sur table, d\u2019une pr\u00e9cision relative mais suffisante en \u00e9tant soigneux.<br \/>\nL\u2019id\u00e9al eut \u00e9t\u00e9 un mat\u00e9riel professionnel (et une formation) pour atteindre une pr\u00e9cision sup\u00e9rieure ; comme m\u2019expliquait un ami prof en \u00e9cole de micro-m\u00e9canique : plus on veut faire un travail petit et pr\u00e9cis, plus l\u2019outil est gros et lourd !<\/p>\n","protected":false},"excerpt":{"rendered":"<p>La chambre technique Plaubel Peco Junior 6&#215;9 est plus limit\u00e9e que sa grande s\u0153ur Peco Junior 9&#215;12, notamment elle ne poss\u00e8de pas de mouvements de bascule sur le corps avant, essentiels pour travailler la profondeur de champ. Ces deux chambres ont un style identique et partagent certains \u00e9l\u00e9ments, mais les corps avant sont incompatibles du [&hellip;]<\/p>\n","protected":false},"author":2,"featured_media":0,"comment_status":"open","ping_status":"open","sticky":false,"template":"","format":"standard","meta":{"footnotes":""},"categories":[9],"tags":[],"_links":{"self":[{"href":"https:\/\/jeanbaphoto.fr\/blog\/wp-json\/wp\/v2\/posts\/126"}],"collection":[{"href":"https:\/\/jeanbaphoto.fr\/blog\/wp-json\/wp\/v2\/posts"}],"about":[{"href":"https:\/\/jeanbaphoto.fr\/blog\/wp-json\/wp\/v2\/types\/post"}],"author":[{"embeddable":true,"href":"https:\/\/jeanbaphoto.fr\/blog\/wp-json\/wp\/v2\/users\/2"}],"replies":[{"embeddable":true,"href":"https:\/\/jeanbaphoto.fr\/blog\/wp-json\/wp\/v2\/comments?post=126"}],"version-history":[{"count":19,"href":"https:\/\/jeanbaphoto.fr\/blog\/wp-json\/wp\/v2\/posts\/126\/revisions"}],"predecessor-version":[{"id":154,"href":"https:\/\/jeanbaphoto.fr\/blog\/wp-json\/wp\/v2\/posts\/126\/revisions\/154"}],"wp:attachment":[{"href":"https:\/\/jeanbaphoto.fr\/blog\/wp-json\/wp\/v2\/media?parent=126"}],"wp:term":[{"taxonomy":"category","embeddable":true,"href":"https:\/\/jeanbaphoto.fr\/blog\/wp-json\/wp\/v2\/categories?post=126"},{"taxonomy":"post_tag","embeddable":true,"href":"https:\/\/jeanbaphoto.fr\/blog\/wp-json\/wp\/v2\/tags?post=126"}],"curies":[{"name":"wp","href":"https:\/\/api.w.org\/{rel}","templated":true}]}}