{"id":426,"date":"2021-05-23T00:10:23","date_gmt":"2021-05-22T22:10:23","guid":{"rendered":"http:\/\/jeanbaphoto.fr\/blog\/?p=426"},"modified":"2021-05-23T00:16:01","modified_gmt":"2021-05-22T22:16:01","slug":"des-trucs-en-plus-et-en-moins-pour-le-mini","status":"publish","type":"post","link":"https:\/\/jeanbaphoto.fr\/blog\/2021\/05\/des-trucs-en-plus-et-en-moins-pour-le-mini\/","title":{"rendered":"des trucs en plus et en moins pour le Mini"},"content":{"rendered":"\n<p>Je souhaitais acheter un <em>Mac Mini<\/em> suppl\u00e9mentaire de rechange au cas o\u00f9 le mien tomberait en panne, ce qui est \u00e0 peu pr\u00e8s la seule et raisonnable possibilit\u00e9 avec ces mat\u00e9riels \u00ab anciens \u00bb pour lesquels une r\u00e9paration semble inenvisageable (plus de cartes-m\u00e8res ou \u00e0 un co\u00fbt prohibitif compar\u00e9 \u00e0 la valeur de la machine).<\/p>\n\n\n\n<p>J&rsquo;ai trouv\u00e9 un <em>Mini 2010 serveur<\/em>, dot\u00e9 du processeur le plus rapide de sa gamme (<em>Core 2 Duo<\/em> 2,66 MHz), de deux disques durs 500 Go \u00e0 7200 t\/min et d\u00e9nu\u00e9 de lecteur optique, et d\u00e9cid\u00e9 de l&rsquo;utiliser au lieu de mon premier. <br>J&rsquo;en ai profit\u00e9 pour installer un SSD 60 Go comme volume principal, et d\u00e9dier le second disque dur \u00e0 <em>Time Machine<\/em>.<\/p>\n\n\n\n<h3 class=\"wp-block-heading\">\u00c0 propos des disques durs, il y a un d\u00e9tail auquel il convient d&rsquo;\u00eatre attentif :<\/h3>\n\n\n\n<p>Les disques durs originels sont dot\u00e9s de sondes thermiques, une sur le connecteur <em>SATA<\/em> du disque de d\u00e9marrage et une sur le c\u00f4t\u00e9 oppos\u00e9 de ce disque qu&rsquo;il convient de replacer sur le disque rempla\u00e7ant, et une troisi\u00e8me sur le circuit imprim\u00e9 du second disque. <br>Attentions \u00e9galement \u00e0 connecter ces sondes sur les bons borniers identifi\u00e9s de la carte m\u00e8re :<\/p>\n\n\n\n<p>\u2022 J5520 -&gt; sonde sur l&rsquo;extr\u00e9mit\u00e9 du volume de d\u00e9marrage (disque sup\u00e9rieur)<br>\u2022 J5550 -&gt; sonde sur le second volume<br>\u2022 J5560 -&gt; sonde sur le connecteur <em>SATA<\/em> du volume de d\u00e9marrage<\/p>\n\n\n\n<p>Si l&rsquo;on omet ou ne branche pas ces sondes correctement, le <em>Mac<\/em> aura ses ventilateurs constamment \u00e0 fond, donc sera tr\u00e8s bruyant.<\/p>\n\n\n\n<p>Avec le SSD et les sondes bien install\u00e9es, le r\u00e9sultat est un ordi remarquablement silencieux.<\/p>\n\n\n\n<h3 class=\"wp-block-heading\">Je me suis \u00e9galement pench\u00e9 sur le pilotage \u00e0 distance depuis mon <em>Mac<\/em> principal gr\u00e2ce \u00e0 la fonction <em>Partage d&rsquo;\u00e9cran<\/em> :<\/h3>\n\n\n\n<p>Sur le <em>Mini<\/em> :<br>\u2022 ouvrir les <em>Pr\u00e9f\u00e9rences syst\u00e8me<\/em> &gt; <em>Partage<\/em> ;<br>\u2022 \u00e9ventuellement personnaliser le <em>nom de l&rsquo;ordinateur<\/em> pour un plus facile qui nous convient \u2014 dans mon cas, simplement : <em>Imacon<\/em> \u2014 ;<br>\u2022 cocher la case <em>Partage d&rsquo;\u00e9cran<\/em> ;<br>\u2022 on peut \u00e9galement cocher <em>Partage de fichiers<\/em> pour permettre le rapatriement des scanns dans la phototh\u00e8que.<\/p>\n\n\n\n<p>Sur le Mac principal :<br>\u2022 depuis une fen\u00eatre du <em>Finder<\/em>, dans la barre lat\u00e9rale apparait le nom du <em>Mac<\/em> partag\u00e9, le s\u00e9lectionner ;<br>\u2022 vers le haut droit de la fen\u00eatre apparaissent deux petits boutons : <em>Partage d&rsquo;\u00e9cran\u2026<\/em> et <em>Se connecter comme\u2026<\/em>, cliquer sur le premier bouton ;<br>\u2022 une fen\u00eatre popup s&rsquo;ouvre et permet de saisir un nom et mot de passe d&rsquo;un compte utilisateur enregistr\u00e9 sur le <em>Mini<\/em> (pour me simplifier la vie, tous mes <em>Mac<\/em> ont un compte utilisateur identique). On peut cocher la case <em>M\u00e9moriser ce mot de passe dans mon trousseau<\/em> pour ne pas avoir \u00e0 le ressaisir les fois suivantes, puis cliquer sur <em>Connexion<\/em> ;<br>\u2022 enfin une fen\u00eatre s&rsquo;ouvre, reproduisant l&rsquo;interface du <em>Mini<\/em> que l&rsquo;on peut alors enti\u00e8rement piloter : lancer le logiciel du scanner, faire ses manipulations, etc. comme si l&rsquo;on \u00e9tait devant le <em>Mini<\/em>.<\/p>\n\n\n\n<p>La fen\u00eatre de <em>Partage d&rsquo;\u00e9cran<\/em> est en fait une application, qu&rsquo;on peut maintenir dans le <em>Dock<\/em> comme n&rsquo;importe quel autre logiciel afin de pouvoir la relancer directement sans passer par le <em>Finder<\/em>.<\/p>\n\n\n\n<p>Ceci ouvre la possibilit\u00e9 d&rsquo;avoir le Scanner et son <em>Mini<\/em> sans \u00e9cran ni clavier, et de le piloter enti\u00e8rement depuis le <em>Mac<\/em> principal, pourtant trop r\u00e9cent pour y connecter directement ce vieil <em>Imacon<\/em> ! Et accessoirement \u00e9conomiser la place et l&rsquo;\u00e9lectricit\u00e9 utilis\u00e9es par l&rsquo;\u00e9cran du <em>Mini<\/em>.<br><br>Par contre \u00e7a n&rsquo;est plus une station autonome de scann qu&rsquo;une seconde personne pouvait utiliser.<\/p>\n\n\n\n<h3 class=\"wp-block-heading\">Il y a cependant encore une subtilit\u00e9 avec le <em>Mini<\/em> si on l&rsquo;utilise sans \u00e9cran, comme un serveur distant : <\/h3>\n\n\n\n<p>Le syst\u00e8me d\u00e9tecte la pr\u00e9sence d&rsquo;un \u00e9cran ou non, et dans la n\u00e9gative, d\u00e9sactive les fonctionnalit\u00e9s <em>Quartz Extreme<\/em> et <em>Core Image<\/em> charg\u00e9es de l&rsquo;affichage, provoquant un fonctionnement ralenti et saccad\u00e9 de l&rsquo;interface, tr\u00e8s d\u00e9sagr\u00e9able.<\/p>\n\n\n\n<p>Une solution existe : faire croire au <em>Mini<\/em> qu&rsquo;un \u00e9cran est connect\u00e9, \u00e0 l&rsquo;aide d&rsquo;un adaptateur <em>Mini Displayport<\/em> ou <em>HDMI<\/em> vers <em>VGA<\/em>, et d&rsquo;une b\u00eate r\u00e9sistance d&rsquo;une valeur entre 85 et 100 Ohms ins\u00e9r\u00e9e dans les trous 1 et 6 de la prise <em>VGA<\/em>.<br>On retrouve alors une interface fluide dans la fen\u00eatre du partage d&rsquo;\u00e9cran sur le <em>Mac<\/em> principal.<\/p>\n","protected":false},"excerpt":{"rendered":"<p>Je souhaitais acheter un Mac Mini suppl\u00e9mentaire de rechange au cas o\u00f9 le mien tomberait en panne, ce qui est \u00e0 peu pr\u00e8s la seule et raisonnable possibilit\u00e9 avec ces mat\u00e9riels \u00ab anciens \u00bb pour lesquels une r\u00e9paration semble inenvisageable (plus de cartes-m\u00e8res ou \u00e0 un co\u00fbt prohibitif compar\u00e9 \u00e0 la valeur de la machine). [&hellip;]<\/p>\n","protected":false},"author":2,"featured_media":0,"comment_status":"open","ping_status":"open","sticky":false,"template":"","format":"standard","meta":{"footnotes":""},"categories":[10],"tags":[],"_links":{"self":[{"href":"https:\/\/jeanbaphoto.fr\/blog\/wp-json\/wp\/v2\/posts\/426"}],"collection":[{"href":"https:\/\/jeanbaphoto.fr\/blog\/wp-json\/wp\/v2\/posts"}],"about":[{"href":"https:\/\/jeanbaphoto.fr\/blog\/wp-json\/wp\/v2\/types\/post"}],"author":[{"embeddable":true,"href":"https:\/\/jeanbaphoto.fr\/blog\/wp-json\/wp\/v2\/users\/2"}],"replies":[{"embeddable":true,"href":"https:\/\/jeanbaphoto.fr\/blog\/wp-json\/wp\/v2\/comments?post=426"}],"version-history":[{"count":25,"href":"https:\/\/jeanbaphoto.fr\/blog\/wp-json\/wp\/v2\/posts\/426\/revisions"}],"predecessor-version":[{"id":451,"href":"https:\/\/jeanbaphoto.fr\/blog\/wp-json\/wp\/v2\/posts\/426\/revisions\/451"}],"wp:attachment":[{"href":"https:\/\/jeanbaphoto.fr\/blog\/wp-json\/wp\/v2\/media?parent=426"}],"wp:term":[{"taxonomy":"category","embeddable":true,"href":"https:\/\/jeanbaphoto.fr\/blog\/wp-json\/wp\/v2\/categories?post=426"},{"taxonomy":"post_tag","embeddable":true,"href":"https:\/\/jeanbaphoto.fr\/blog\/wp-json\/wp\/v2\/tags?post=426"}],"curies":[{"name":"wp","href":"https:\/\/api.w.org\/{rel}","templated":true}]}}