{"id":453,"date":"2021-07-17T20:22:26","date_gmt":"2021-07-17T18:22:26","guid":{"rendered":"http:\/\/jeanbaphoto.fr\/blog\/?p=453"},"modified":"2021-07-17T20:53:22","modified_gmt":"2021-07-17T18:53:22","slug":"au-commencement-etait-le-point-de-vue","status":"publish","type":"post","link":"https:\/\/jeanbaphoto.fr\/blog\/2021\/07\/au-commencement-etait-le-point-de-vue\/","title":{"rendered":"au commencement \u00e9tait le point de vue"},"content":{"rendered":"\n<p>Tr\u00e8s peu de manuels, tutoriels ou articles sur la photographie expliquent l\u2019importance primordiale du point de vue sur la forme de l\u2019image.<\/p>\n\n\n\n<p>On en parle par rapport au sujet, au sens, \u00e0 l&rsquo;esth\u00e9tique : comment se placer, trouver le bon angle, la bonne composition, mais peu par rapport \u00e0 la g\u00e9om\u00e9trie, c\u2019est-\u00e0-dire le rendu de la perspective, qu\u2019on va syst\u00e9matiquement attribuer \u00e0 l\u2019optique.<\/p>\n\n\n\n<p>On pr\u00e9tend ainsi que le tassement des plans lointains dans une photo est du \u00e0 l\u2019usage d\u2019une longue focale, alors qu\u2019il est du \u00e0 l\u2019\u00e9loignement du point de vue. Le tassement des plans lointains est identique avec n\u2019importe quel autre objectif quel que soit son angle de champ, positionn\u00e9 depuis le m\u00eame point de vue (mais qui \u00e9videmment ne procure pas le m\u00eame cadrage).<br>De la m\u00eame mani\u00e8re, ce n\u2019est pas le grand-angle qui d\u00e9forme un portrait serr\u00e9, exag\u00e9rant la taille du nez et diminuant les oreilles, c\u2019est encore le point de vue, tr\u00e8s pr\u00e8s du sujet. Reculez sans changer de focale et les proportions du visage sont plus r\u00e9guli\u00e8res (avec un cadrage plus large).<\/p>\n\n\n\n<p>Avec le grand angle, un autre ph\u00e9nom\u00e8ne est \u00e0 comprendre :<\/p>\n\n\n\n<p>Dans le processus photographique courant, la lumi\u00e8re qui se refl\u00e8te sur la sc\u00e8ne en trois dimensions est projet\u00e9e au travers de l\u2019objectif sur une surface photosensible en deux dimensions et est sensible \u00e0 l\u2019angle d\u2019incidence des rayons lumineux sur cette surface : plus on s&rsquo;\u00e9loigne de l&rsquo;axe de l&rsquo;objectif et plus les rayons sont longs, provoquant un \u00e9tirement radial de l&rsquo;image. <br>Ainsi une sph\u00e8re se projette dans l\u2019axe de l\u2019objectif en un disque r\u00e9gulier, et plus on s\u2019\u00e9loigne du centre, plus la projection de la sph\u00e8re est elliptique.<\/p>\n\n\n\n<p>La d\u00e9formation qui en d\u00e9coule est une sorte d\u2019anamorphose, et comme toute anamorphose, il suffit de placer son regard au bon endroit pour voir l\u2019image non d\u00e9form\u00e9e. <br>Dans le cas de la vue au grand angle, il faut placer son \u0153il par rapport au tirage comme la surface photosensible \u00e9tait plac\u00e9e par rapport \u00e0 l\u2019objectif, en tenant compte du grandissement de l\u2019objectif, de la taille du capteur et de la taille du tirage. La vision des bords d\u00e9form\u00e9s de l\u2019image est alors contrebalanc\u00e9e par l\u2019angle auquel notre \u0153il observe, et nous les fait percevoir sans d\u00e9formation.<\/p>\n","protected":false},"excerpt":{"rendered":"<p>Tr\u00e8s peu de manuels, tutoriels ou articles sur la photographie expliquent l\u2019importance primordiale du point de vue sur la forme de l\u2019image. On en parle par rapport au sujet, au sens, \u00e0 l&rsquo;esth\u00e9tique : comment se placer, trouver le bon angle, la bonne composition, mais peu par rapport \u00e0 la g\u00e9om\u00e9trie, c\u2019est-\u00e0-dire le rendu de [&hellip;]<\/p>\n","protected":false},"author":2,"featured_media":0,"comment_status":"open","ping_status":"open","sticky":false,"template":"","format":"standard","meta":{"footnotes":""},"categories":[34],"tags":[36,40,39,38,35,37],"_links":{"self":[{"href":"https:\/\/jeanbaphoto.fr\/blog\/wp-json\/wp\/v2\/posts\/453"}],"collection":[{"href":"https:\/\/jeanbaphoto.fr\/blog\/wp-json\/wp\/v2\/posts"}],"about":[{"href":"https:\/\/jeanbaphoto.fr\/blog\/wp-json\/wp\/v2\/types\/post"}],"author":[{"embeddable":true,"href":"https:\/\/jeanbaphoto.fr\/blog\/wp-json\/wp\/v2\/users\/2"}],"replies":[{"embeddable":true,"href":"https:\/\/jeanbaphoto.fr\/blog\/wp-json\/wp\/v2\/comments?post=453"}],"version-history":[{"count":4,"href":"https:\/\/jeanbaphoto.fr\/blog\/wp-json\/wp\/v2\/posts\/453\/revisions"}],"predecessor-version":[{"id":457,"href":"https:\/\/jeanbaphoto.fr\/blog\/wp-json\/wp\/v2\/posts\/453\/revisions\/457"}],"wp:attachment":[{"href":"https:\/\/jeanbaphoto.fr\/blog\/wp-json\/wp\/v2\/media?parent=453"}],"wp:term":[{"taxonomy":"category","embeddable":true,"href":"https:\/\/jeanbaphoto.fr\/blog\/wp-json\/wp\/v2\/categories?post=453"},{"taxonomy":"post_tag","embeddable":true,"href":"https:\/\/jeanbaphoto.fr\/blog\/wp-json\/wp\/v2\/tags?post=453"}],"curies":[{"name":"wp","href":"https:\/\/api.w.org\/{rel}","templated":true}]}}